{"id":6056,"date":"2022-04-07T00:00:00","date_gmt":"2022-04-07T04:00:00","guid":{"rendered":"https:\/\/rtm.vivaresortsbywyndham.com\/viva-wyndham-resorts-celebre-35-ans-dans-les-caraibes\/"},"modified":"2025-05-17T00:23:17","modified_gmt":"2025-05-17T04:23:17","slug":"viva-wyndham-resorts-celebre-35-ans-dans-les-caraibes","status":"publish","type":"post","link":"https:\/\/vivaresortsbywyndham.com\/pt\/viva-wyndham-resorts-celebre-35-ans-dans-les-caraibes\/","title":{"rendered":"Viva Wyndham Resorts comemora 35 anos nas Cara\u00edbas"},"content":{"rendered":"<p dir=\"ltr\" data-placeholder=\"Traduction\"><strong>Par TravelPulse Staff 7 de abril de 2022<br \/>\nTravelPulse<\/strong><\/p>\n<p dir=\"ltr\" data-placeholder=\"Traduction\">Para comemorar o 35\u00ba anivers\u00e1rio da marca nas Cara\u00edbas, em 19 de abril pr\u00f3ximo, o Viva Wyndham Resorts organizar\u00e1 uma s\u00e9rie de eventos, festas, atividades e surpresas para os viajantes em todos os complexos.<\/p>\n<p dir=\"ltr\" data-placeholder=\"Traduction\">Durante o fim de semana, o Viva Wyndham Resorts, a escola Viva de Colores e um grupo de muralistas dominicanos pintar\u00e3o murais com crian\u00e7as em uma comunidade local de Bayahibe, na Rep\u00fablica Dominicana. As obras ser\u00e3o inspiradas nos temas da preserva\u00e7\u00e3o do meio ambiente, do patriotismo e das experi\u00eancias da inf\u00e2ncia. Al\u00e9m dessas comemora\u00e7\u00f5es, o Viva Wyndham Resorts anunciou uma nova oferta promocional para este ano, que \u00e9 a 4a noite gratuita + 1 crian\u00e7a gratuita, com tarifas a partir de 72 $ US por pessoa e por noite.<\/p>\n<p dir=\"ltr\" data-placeholder=\"Traduction\">Assim como comemoramos nosso 35\u00ba anivers\u00e1rio, a Viva Wyndham Resorts est\u00e1 ansiosa e reconhecida para comemorar esse retorno \u00e0 nossa hist\u00f3ria memor\u00e1vel, oferecendo experi\u00eancias de f\u00e9rias sem precedentes\", declarou Ettore Colussi, presidente da Viva Wyndham Resorts. \"Somos reconhecedores de nossa trajet\u00f3ria at\u00e9 o presente momento e queremos expressar nossa gratid\u00e3o aos nossos fi\u00e9is convidados, aos nossos 3.026 funcion\u00e1rios e \u00e0s comunidades locais, \u00e0s quais demonstramos um profundo sentimento de pertencimento\", acrescentou Colussi.<\/p>\n<p dir=\"ltr\" data-placeholder=\"Traduction\">A aventura do Viva Wyndham Resorts come\u00e7ou em 19 de abril de 1987, quando um grupo de investidores liderado por Etorre Colussi e Rafael Blanco abriu as portas do que tamb\u00e9m era conhecido como Club Dominicus, um hotel \u00fanico situado na serra de Bayahibe - La Romana, na Rep\u00fablica Dominicana. O sucesso do Club Dominicus levou-o a diversificar suas opera\u00e7\u00f5es, abrindo o Club Fortuna Beach em Freeport, nas Bahamas, em 1992. O sucesso do Viva Wyndham n\u00e3o parou por a\u00ed. Em 1997 e 1998, a rede iniciou suas opera\u00e7\u00f5es em suas primeiras esta\u00e7\u00f5es balne\u00e1rias no M\u00e9xico: Club Viva Maya e Club Viva Azteca na Riviera Maya, respectivamente.<\/p>\n<p dir=\"ltr\" data-placeholder=\"Traduction\">Em 2003, a empresa assinou uma alian\u00e7a estrat\u00e9gica com a Wyndham International Inc, estabelecendo a marca Viva Wyndham Resorts. Hoje, a Viva Wyndham Resorts prop\u00f5e quase dez centros de hospedagem de classe mundial em tr\u00eas pa\u00edses, oferecendo a viajantes de todos os tipos uma experi\u00eancia de f\u00e9rias inigual\u00e1vel.<\/p>","protected":false},"excerpt":{"rendered":"<p>Par TravelPulse Staff April 7, 2022 TravelPulse Pour comm\u00e9morer le 35e anniversaire de la marque dans les Cara\u00efbes, le 19 avril prochain, Viva Wyndham Resorts organisera une s\u00e9rie d&#8217;\u00e9v\u00e9nements, de f\u00eates, d&#8217;activit\u00e9s et de surprises pour les voyageurs dans tous les complexes. Pendant le week-end, Viva Wyndham Resorts, l&#8217;\u00e9cole Viva de Colores et un groupe [&hellip;]<\/p>\n","protected":false},"author":2,"featured_media":4926,"comment_status":"open","ping_status":"open","sticky":false,"template":"","format":"standard","meta":{"_acf_changed":false,"footnotes":""},"categories":[205],"tags":[],"class_list":["post-6056","post","type-post","status-publish","format-standard","has-post-thumbnail","hentry","category-media-assets"],"acf":[],"yoast_head":"<!-- This site is optimized with the Yoast SEO plugin v27.5 - https:\/\/yoast.com\/product\/yoast-seo-wordpress\/ -->\n<title>Viva Wyndham Resorts c\u00e9l\u00e8bre 35 ans dans les Cara\u00efbes - Viva Resorts by Wyndham<\/title>\n<meta name=\"robots\" content=\"index, follow, max-snippet:-1, max-image-preview:large, max-video-preview:-1\" \/>\n<link rel=\"canonical\" href=\"https:\/\/vivaresortsbywyndham.com\/pt\/viva-wyndham-resorts-celebre-35-ans-dans-les-caraibes\/\" \/>\n<meta property=\"og:locale\" content=\"pt_BR\" \/>\n<meta property=\"og:type\" content=\"article\" \/>\n<meta property=\"og:title\" content=\"Viva Wyndham Resorts c\u00e9l\u00e8bre 35 ans dans les Cara\u00efbes - Viva Resorts by Wyndham\" \/>\n<meta property=\"og:description\" content=\"Par TravelPulse Staff April 7, 2022 TravelPulse Pour comm\u00e9morer le 35e anniversaire de la marque dans les Cara\u00efbes, le 19 avril prochain, Viva Wyndham Resorts organisera une s\u00e9rie d&#8217;\u00e9v\u00e9nements, de f\u00eates, d&#8217;activit\u00e9s et de surprises pour les voyageurs dans tous les complexes. Pendant le week-end, Viva Wyndham Resorts, l&#8217;\u00e9cole Viva de Colores et un groupe [&hellip;]\" \/>\n<meta property=\"og:url\" content=\"https:\/\/vivaresortsbywyndham.com\/pt\/viva-wyndham-resorts-celebre-35-ans-dans-les-caraibes\/\" \/>\n<meta property=\"og:site_name\" content=\"Viva Resorts by Wyndham\" \/>\n<meta property=\"article:published_time\" content=\"2022-04-07T04:00:00+00:00\" \/>\n<meta property=\"article:modified_time\" content=\"2025-05-17T04:23:17+00:00\" \/>\n<meta property=\"og:image\" content=\"https:\/\/cdn.vivaresortsbywyndham.com\/wp-content\/uploads\/2025\/05\/viva-wyndham-dominicus-beach-123-scaled-1.jpg\" \/>\n\t<meta property=\"og:image:width\" content=\"2560\" \/>\n\t<meta property=\"og:image:height\" content=\"1707\" \/>\n\t<meta property=\"og:image:type\" content=\"image\/jpeg\" \/>\n<meta name=\"author\" content=\"Marianna Freites\" \/>\n<meta name=\"twitter:card\" content=\"summary_large_image\" \/>\n<meta name=\"twitter:label1\" content=\"Escrito por\" \/>\n\t<meta name=\"twitter:data1\" content=\"Marianna Freites\" \/>\n\t<meta name=\"twitter:label2\" content=\"Est. tempo de leitura\" \/>\n\t<meta name=\"twitter:data2\" content=\"2 minutos\" \/>\n<script type=\"application\/ld+json\" class=\"yoast-schema-graph\">{\"@context\":\"https:\\\/\\\/schema.org\",\"@graph\":[{\"@type\":\"Article\",\"@id\":\"https:\\\/\\\/vivaresortsbywyndham.com\\\/viva-wyndham-resorts-celebre-35-ans-dans-les-caraibes\\\/#article\",\"isPartOf\":{\"@id\":\"https:\\\/\\\/vivaresortsbywyndham.com\\\/viva-wyndham-resorts-celebre-35-ans-dans-les-caraibes\\\/\"},\"author\":{\"name\":\"Marianna Freites\",\"@id\":\"https:\\\/\\\/vivaresortsbywyndham.com\\\/#\\\/schema\\\/person\\\/d0783e0e6d944919c55590579b1ddd38\"},\"headline\":\"Viva Wyndham Resorts c\u00e9l\u00e8bre 35 ans dans les Cara\u00efbes\",\"datePublished\":\"2022-04-07T04:00:00+00:00\",\"dateModified\":\"2025-05-17T04:23:17+00:00\",\"mainEntityOfPage\":{\"@id\":\"https:\\\/\\\/vivaresortsbywyndham.com\\\/viva-wyndham-resorts-celebre-35-ans-dans-les-caraibes\\\/\"},\"wordCount\":416,\"commentCount\":0,\"image\":{\"@id\":\"https:\\\/\\\/vivaresortsbywyndham.com\\\/viva-wyndham-resorts-celebre-35-ans-dans-les-caraibes\\\/#primaryimage\"},\"thumbnailUrl\":\"https:\\\/\\\/cdn.vivaresortsbywyndham.com\\\/wp-content\\\/uploads\\\/2025\\\/05\\\/viva-wyndham-dominicus-beach-123-scaled-1.jpg\",\"articleSection\":[\"Media &amp; Assets\"],\"inLanguage\":\"pt-BR\",\"potentialAction\":[{\"@type\":\"CommentAction\",\"name\":\"Comment\",\"target\":[\"https:\\\/\\\/vivaresortsbywyndham.com\\\/viva-wyndham-resorts-celebre-35-ans-dans-les-caraibes\\\/#respond\"]}]},{\"@type\":\"WebPage\",\"@id\":\"https:\\\/\\\/vivaresortsbywyndham.com\\\/viva-wyndham-resorts-celebre-35-ans-dans-les-caraibes\\\/\",\"url\":\"https:\\\/\\\/vivaresortsbywyndham.com\\\/viva-wyndham-resorts-celebre-35-ans-dans-les-caraibes\\\/\",\"name\":\"Viva Wyndham Resorts c\u00e9l\u00e8bre 35 ans dans les Cara\u00efbes - Viva Resorts by Wyndham\",\"isPartOf\":{\"@id\":\"https:\\\/\\\/vivaresortsbywyndham.com\\\/#website\"},\"primaryImageOfPage\":{\"@id\":\"https:\\\/\\\/vivaresortsbywyndham.com\\\/viva-wyndham-resorts-celebre-35-ans-dans-les-caraibes\\\/#primaryimage\"},\"image\":{\"@id\":\"https:\\\/\\\/vivaresortsbywyndham.com\\\/viva-wyndham-resorts-celebre-35-ans-dans-les-caraibes\\\/#primaryimage\"},\"thumbnailUrl\":\"https:\\\/\\\/cdn.vivaresortsbywyndham.com\\\/wp-content\\\/uploads\\\/2025\\\/05\\\/viva-wyndham-dominicus-beach-123-scaled-1.jpg\",\"datePublished\":\"2022-04-07T04:00:00+00:00\",\"dateModified\":\"2025-05-17T04:23:17+00:00\",\"author\":{\"@id\":\"https:\\\/\\\/vivaresortsbywyndham.com\\\/#\\\/schema\\\/person\\\/d0783e0e6d944919c55590579b1ddd38\"},\"breadcrumb\":{\"@id\":\"https:\\\/\\\/vivaresortsbywyndham.com\\\/viva-wyndham-resorts-celebre-35-ans-dans-les-caraibes\\\/#breadcrumb\"},\"inLanguage\":\"pt-BR\",\"potentialAction\":[{\"@type\":\"ReadAction\",\"target\":[\"https:\\\/\\\/vivaresortsbywyndham.com\\\/viva-wyndham-resorts-celebre-35-ans-dans-les-caraibes\\\/\"]}]},{\"@type\":\"ImageObject\",\"inLanguage\":\"pt-BR\",\"@id\":\"https:\\\/\\\/vivaresortsbywyndham.com\\\/viva-wyndham-resorts-celebre-35-ans-dans-les-caraibes\\\/#primaryimage\",\"url\":\"https:\\\/\\\/cdn.vivaresortsbywyndham.com\\\/wp-content\\\/uploads\\\/2025\\\/05\\\/viva-wyndham-dominicus-beach-123-scaled-1.jpg\",\"contentUrl\":\"https:\\\/\\\/cdn.vivaresortsbywyndham.com\\\/wp-content\\\/uploads\\\/2025\\\/05\\\/viva-wyndham-dominicus-beach-123-scaled-1.jpg\",\"width\":2560,\"height\":1707},{\"@type\":\"BreadcrumbList\",\"@id\":\"https:\\\/\\\/vivaresortsbywyndham.com\\\/viva-wyndham-resorts-celebre-35-ans-dans-les-caraibes\\\/#breadcrumb\",\"itemListElement\":[{\"@type\":\"ListItem\",\"position\":1,\"name\":\"Home\",\"item\":\"https:\\\/\\\/vivaresortsbywyndham.com\\\/\"},{\"@type\":\"ListItem\",\"position\":2,\"name\":\"Media &amp; Assets\",\"item\":\"https:\\\/\\\/vivaresortsbywyndham.com\\\/category\\\/media-assets\\\/\"},{\"@type\":\"ListItem\",\"position\":3,\"name\":\"Viva Wyndham Resorts c\u00e9l\u00e8bre 35 ans dans les Cara\u00efbes\"}]},{\"@type\":\"WebSite\",\"@id\":\"https:\\\/\\\/vivaresortsbywyndham.com\\\/#website\",\"url\":\"https:\\\/\\\/vivaresortsbywyndham.com\\\/\",\"name\":\"Viva Resorts by Wyndham\",\"description\":\"\",\"potentialAction\":[{\"@type\":\"SearchAction\",\"target\":{\"@type\":\"EntryPoint\",\"urlTemplate\":\"https:\\\/\\\/vivaresortsbywyndham.com\\\/?s={search_term_string}\"},\"query-input\":{\"@type\":\"PropertyValueSpecification\",\"valueRequired\":true,\"valueName\":\"search_term_string\"}}],\"inLanguage\":\"pt-BR\"},{\"@type\":\"Person\",\"@id\":\"https:\\\/\\\/vivaresortsbywyndham.com\\\/#\\\/schema\\\/person\\\/d0783e0e6d944919c55590579b1ddd38\",\"name\":\"Marianna Freites\",\"image\":{\"@type\":\"ImageObject\",\"inLanguage\":\"pt-BR\",\"@id\":\"https:\\\/\\\/secure.gravatar.com\\\/avatar\\\/caf658d039b608498491f36949291b94340906cb0b56d50285781a8a640d2c1b?s=96&d=mm&r=g\",\"url\":\"https:\\\/\\\/secure.gravatar.com\\\/avatar\\\/caf658d039b608498491f36949291b94340906cb0b56d50285781a8a640d2c1b?s=96&d=mm&r=g\",\"contentUrl\":\"https:\\\/\\\/secure.gravatar.com\\\/avatar\\\/caf658d039b608498491f36949291b94340906cb0b56d50285781a8a640d2c1b?s=96&d=mm&r=g\",\"caption\":\"Marianna Freites\"}}]}<\/script>\n<!-- \/ Yoast SEO plugin. -->","yoast_head_json":{"title":"Viva Wyndham Resorts comemora 35 anos nas Cara\u00edbas - Viva Resorts by Wyndham","robots":{"index":"index","follow":"follow","max-snippet":"max-snippet:-1","max-image-preview":"max-image-preview:large","max-video-preview":"max-video-preview:-1"},"canonical":"https:\/\/vivaresortsbywyndham.com\/pt\/viva-wyndham-resorts-celebre-35-ans-dans-les-caraibes\/","og_locale":"pt_BR","og_type":"article","og_title":"Viva Wyndham Resorts c\u00e9l\u00e8bre 35 ans dans les Cara\u00efbes - Viva Resorts by Wyndham","og_description":"Par TravelPulse Staff April 7, 2022 TravelPulse Pour comm\u00e9morer le 35e anniversaire de la marque dans les Cara\u00efbes, le 19 avril prochain, Viva Wyndham Resorts organisera une s\u00e9rie d&#8217;\u00e9v\u00e9nements, de f\u00eates, d&#8217;activit\u00e9s et de surprises pour les voyageurs dans tous les complexes. Pendant le week-end, Viva Wyndham Resorts, l&#8217;\u00e9cole Viva de Colores et un groupe [&hellip;]","og_url":"https:\/\/vivaresortsbywyndham.com\/pt\/viva-wyndham-resorts-celebre-35-ans-dans-les-caraibes\/","og_site_name":"Viva Resorts by Wyndham","article_published_time":"2022-04-07T04:00:00+00:00","article_modified_time":"2025-05-17T04:23:17+00:00","og_image":[{"width":2560,"height":1707,"url":"https:\/\/cdn.vivaresortsbywyndham.com\/wp-content\/uploads\/2025\/05\/viva-wyndham-dominicus-beach-123-scaled-1.jpg","type":"image\/jpeg"}],"author":"Marianna Freites","twitter_card":"summary_large_image","twitter_misc":{"Escrito por":"Marianna Freites","Est. tempo de leitura":"2 minutos"},"schema":{"@context":"https:\/\/schema.org","@graph":[{"@type":"Article","@id":"https:\/\/vivaresortsbywyndham.com\/viva-wyndham-resorts-celebre-35-ans-dans-les-caraibes\/#article","isPartOf":{"@id":"https:\/\/vivaresortsbywyndham.com\/viva-wyndham-resorts-celebre-35-ans-dans-les-caraibes\/"},"author":{"name":"Marianna Freites","@id":"https:\/\/vivaresortsbywyndham.com\/#\/schema\/person\/d0783e0e6d944919c55590579b1ddd38"},"headline":"Viva Wyndham Resorts c\u00e9l\u00e8bre 35 ans dans les Cara\u00efbes","datePublished":"2022-04-07T04:00:00+00:00","dateModified":"2025-05-17T04:23:17+00:00","mainEntityOfPage":{"@id":"https:\/\/vivaresortsbywyndham.com\/viva-wyndham-resorts-celebre-35-ans-dans-les-caraibes\/"},"wordCount":416,"commentCount":0,"image":{"@id":"https:\/\/vivaresortsbywyndham.com\/viva-wyndham-resorts-celebre-35-ans-dans-les-caraibes\/#primaryimage"},"thumbnailUrl":"https:\/\/cdn.vivaresortsbywyndham.com\/wp-content\/uploads\/2025\/05\/viva-wyndham-dominicus-beach-123-scaled-1.jpg","articleSection":["Media &amp; Assets"],"inLanguage":"pt-BR","potentialAction":[{"@type":"CommentAction","name":"Comment","target":["https:\/\/vivaresortsbywyndham.com\/viva-wyndham-resorts-celebre-35-ans-dans-les-caraibes\/#respond"]}]},{"@type":"WebPage","@id":"https:\/\/vivaresortsbywyndham.com\/viva-wyndham-resorts-celebre-35-ans-dans-les-caraibes\/","url":"https:\/\/vivaresortsbywyndham.com\/viva-wyndham-resorts-celebre-35-ans-dans-les-caraibes\/","name":"Viva Wyndham Resorts comemora 35 anos nas Cara\u00edbas - Viva Resorts by Wyndham","isPartOf":{"@id":"https:\/\/vivaresortsbywyndham.com\/#website"},"primaryImageOfPage":{"@id":"https:\/\/vivaresortsbywyndham.com\/viva-wyndham-resorts-celebre-35-ans-dans-les-caraibes\/#primaryimage"},"image":{"@id":"https:\/\/vivaresortsbywyndham.com\/viva-wyndham-resorts-celebre-35-ans-dans-les-caraibes\/#primaryimage"},"thumbnailUrl":"https:\/\/cdn.vivaresortsbywyndham.com\/wp-content\/uploads\/2025\/05\/viva-wyndham-dominicus-beach-123-scaled-1.jpg","datePublished":"2022-04-07T04:00:00+00:00","dateModified":"2025-05-17T04:23:17+00:00","author":{"@id":"https:\/\/vivaresortsbywyndham.com\/#\/schema\/person\/d0783e0e6d944919c55590579b1ddd38"},"breadcrumb":{"@id":"https:\/\/vivaresortsbywyndham.com\/viva-wyndham-resorts-celebre-35-ans-dans-les-caraibes\/#breadcrumb"},"inLanguage":"pt-BR","potentialAction":[{"@type":"ReadAction","target":["https:\/\/vivaresortsbywyndham.com\/viva-wyndham-resorts-celebre-35-ans-dans-les-caraibes\/"]}]},{"@type":"ImageObject","inLanguage":"pt-BR","@id":"https:\/\/vivaresortsbywyndham.com\/viva-wyndham-resorts-celebre-35-ans-dans-les-caraibes\/#primaryimage","url":"https:\/\/cdn.vivaresortsbywyndham.com\/wp-content\/uploads\/2025\/05\/viva-wyndham-dominicus-beach-123-scaled-1.jpg","contentUrl":"https:\/\/cdn.vivaresortsbywyndham.com\/wp-content\/uploads\/2025\/05\/viva-wyndham-dominicus-beach-123-scaled-1.jpg","width":2560,"height":1707},{"@type":"BreadcrumbList","@id":"https:\/\/vivaresortsbywyndham.com\/viva-wyndham-resorts-celebre-35-ans-dans-les-caraibes\/#breadcrumb","itemListElement":[{"@type":"ListItem","position":1,"name":"Home","item":"https:\/\/vivaresortsbywyndham.com\/"},{"@type":"ListItem","position":2,"name":"Media &amp; Assets","item":"https:\/\/vivaresortsbywyndham.com\/category\/media-assets\/"},{"@type":"ListItem","position":3,"name":"Viva Wyndham Resorts c\u00e9l\u00e8bre 35 ans dans les Cara\u00efbes"}]},{"@type":"WebSite","@id":"https:\/\/vivaresortsbywyndham.com\/#website","url":"https:\/\/vivaresortsbywyndham.com\/","name":"Viva Resorts by Wyndham","description":"","potentialAction":[{"@type":"SearchAction","target":{"@type":"EntryPoint","urlTemplate":"https:\/\/vivaresortsbywyndham.com\/?s={search_term_string}"},"query-input":{"@type":"PropertyValueSpecification","valueRequired":true,"valueName":"search_term_string"}}],"inLanguage":"pt-BR"},{"@type":"Person","@id":"https:\/\/vivaresortsbywyndham.com\/#\/schema\/person\/d0783e0e6d944919c55590579b1ddd38","name":"Marianna Freites","image":{"@type":"ImageObject","inLanguage":"pt-BR","@id":"https:\/\/secure.gravatar.com\/avatar\/caf658d039b608498491f36949291b94340906cb0b56d50285781a8a640d2c1b?s=96&d=mm&r=g","url":"https:\/\/secure.gravatar.com\/avatar\/caf658d039b608498491f36949291b94340906cb0b56d50285781a8a640d2c1b?s=96&d=mm&r=g","contentUrl":"https:\/\/secure.gravatar.com\/avatar\/caf658d039b608498491f36949291b94340906cb0b56d50285781a8a640d2c1b?s=96&d=mm&r=g","caption":"Marianna Freites"}}]}},"_links":{"self":[{"href":"https:\/\/vivaresortsbywyndham.com\/pt\/wp-json\/wp\/v2\/posts\/6056","targetHints":{"allow":["GET"]}}],"collection":[{"href":"https:\/\/vivaresortsbywyndham.com\/pt\/wp-json\/wp\/v2\/posts"}],"about":[{"href":"https:\/\/vivaresortsbywyndham.com\/pt\/wp-json\/wp\/v2\/types\/post"}],"author":[{"embeddable":true,"href":"https:\/\/vivaresortsbywyndham.com\/pt\/wp-json\/wp\/v2\/users\/2"}],"replies":[{"embeddable":true,"href":"https:\/\/vivaresortsbywyndham.com\/pt\/wp-json\/wp\/v2\/comments?post=6056"}],"version-history":[{"count":1,"href":"https:\/\/vivaresortsbywyndham.com\/pt\/wp-json\/wp\/v2\/posts\/6056\/revisions"}],"predecessor-version":[{"id":6429,"href":"https:\/\/vivaresortsbywyndham.com\/pt\/wp-json\/wp\/v2\/posts\/6056\/revisions\/6429"}],"wp:featuredmedia":[{"embeddable":true,"href":"https:\/\/vivaresortsbywyndham.com\/pt\/wp-json\/wp\/v2\/media\/4926"}],"wp:attachment":[{"href":"https:\/\/vivaresortsbywyndham.com\/pt\/wp-json\/wp\/v2\/media?parent=6056"}],"wp:term":[{"taxonomy":"category","embeddable":true,"href":"https:\/\/vivaresortsbywyndham.com\/pt\/wp-json\/wp\/v2\/categories?post=6056"},{"taxonomy":"post_tag","embeddable":true,"href":"https:\/\/vivaresortsbywyndham.com\/pt\/wp-json\/wp\/v2\/tags?post=6056"}],"curies":[{"name":"wp","href":"https:\/\/api.w.org\/{rel}","templated":true}]}}